{"id":283,"date":"2017-03-16T10:17:44","date_gmt":"2017-03-16T09:17:44","guid":{"rendered":"https:\/\/www.integral.be\/?p=283"},"modified":"2020-01-15T12:22:15","modified_gmt":"2020-01-15T11:22:15","slug":"reglement-general-sur-la-protection-des-donnees-gdpr","status":"publish","type":"post","link":"https:\/\/integral.software\/fr\/reglement-general-sur-la-protection-des-donnees-gdpr\/","title":{"rendered":"R\u00e8glement g\u00e9n\u00e9ral sur la protection des donn\u00e9es (GDPR)"},"content":{"rendered":"<p>L&rsquo;Europe impose des r\u00e8gles beaucoup plus strictes aux entreprises disposant de donn\u00e9es \u00e0 caract\u00e8re personnel.<\/p>\n<h2>Le GDPR\u00a0? Qu\u2019est-ce que c\u2019est\u00a0?<\/h2>\n<p>Ce r\u00e8glement, relatif \u00e0 la protection des personnes physiques, au traitement des donn\u00e9es \u00e0 caract\u00e8re personnel, et \u00e0 la libre ciculation de celles-ci, est une \u00e9volution de la directive de 1995 portant sur ces m\u00eames sujets. (<a href=\"http:\/\/eur-lex.europa.eu\/legal-content\/FR\/TXT\/?uri=celex%3A31995L0046\" data-cke-saved-href=\"http:\/\/eur-lex.europa.eu\/legal-content\/FR\/TXT\/?uri=celex%3A31995L0046\">http:\/\/eur-lex.europa.eu\/legal-content\/FR\/TXT\/?uri=celex%3A31995L0046<\/a>)<\/p>\n<p>Plusieurs questions fondamentales y sont trait\u00e9es, notamment\u00a0:<\/p>\n<ul>\n<li><strong>Les droits de la personne<\/strong>, dont les donn\u00e9es personnelles sont exploit\u00e9es. On y aborde notamment les notions de consentement, d\u2019acc\u00e8s, de droit \u00e0 la rectification, \u00e0 l\u2019opposition et \u00e0 l\u2019\u00a0\u00ab\u00a0oubli\u00a0\u00bb, ainsi que les mesures de portabilit\u00e9 d\u2019un fournisseur de service \u00e0 un autre.<\/li>\n<li><strong>La mise en \u0153uvre\u00a0<\/strong>de mesures de s\u00e9curit\u00e9 appropri\u00e9es par les \u00ab\u00a0contr\u00f4leurs\u00a0\u00bb (en d\u2019autres termes, les entreprises et\/ou pouvoirs publics responsables du traitement des donn\u00e9es), selon le risque impliqu\u00e9, et ceci, lorsque n\u00e9cessaire, sous la supervision d\u2019un agent de protection des donn\u00e9es (Data Protection Officer) d\u00fbment d\u00e9sign\u00e9.<\/li>\n<li><strong>Le suivi et l\u2019indemnisation\u00a0<\/strong>de toute personne qui, s\u2019estimant l\u00e9s\u00e9e, d\u00e9poserait une plainte aupr\u00e8s de l\u2019autorit\u00e9 nationale que chaque \u00e9tat membre mettra en place, sous l\u2019\u00e9gide\u00a0 d\u2019un Conseil Europ\u00e9en de Protection des Donn\u00e9es.<\/li>\n<\/ul>\n<h3>Amende : 4% de votre chiffre d\u2019affaire mondial, ou 20.000.000,00 \u20ac\u00a0!<\/h3>\n<p>Il s\u2019agit du montant en jeu lorsque l\u2019on parle des amendes encourues en cas d\u2019infraction \u00e0 ce r\u00e9glement, tel que le Parlement Europ\u00e9en pr\u00e9voit de l\u2019appliquer \u00e0 compter du 25 mai 2018. Sans compter le d\u00e9ficit de confiance qu\u2019une telle infraction entra\u00eenerait aupr\u00e8s des clients, partenaires et\/ou actionnaires\u2026<\/p>\n<p>EN QUOI CELA CONCERNE MON ACTIVITE OU MON ENTREPRISE ?<\/p>\n<p>Pour chaque administrateur, chef d\u2019entreprise ou comit\u00e9 de direction, la complexit\u00e9 du nouveau GDPR et le risque mat\u00e9riel que les amendes engendrent font de la protection des donn\u00e9es une priorit\u00e9 majeure\u00a0!<\/p>\n<p>DONC, IL NE S&rsquo;AGIT QUE DE SE METTRE EN CONFORMITE ?<\/p>\n<p>Non.<\/p>\n<p>Pas seulement en tout cas.<\/p>\n<p>Il s\u2019agit \u00e9galement de parvenir \u00e0 \u00e9voluer dans un monde qui se digitalise de plus en plus, et d\u2019\u00eatre conscient qu\u2019une structure efficace est n\u00e9cessaire pour atteindre les objectifs de confidentialit\u00e9 et de protection du consommateur que l\u2019Union Europ\u00e9enne exige.<\/p>\n<p>TRANSFORMER UNE OBLIGATION EN OPPORTUNITE EST SOUVENT LA MEILLEURE STRATEGIE<\/p>\n<p>Cartographier, visualiser, suivre et contr\u00f4ler, en particulier les \u00e9changes avec votre client\u00e8le est, encore plus demain qu\u2019aujourd\u2019hui, une \u00e9tape essentielle. L\u2019efficacit\u00e9 de ces proc\u00e9dures d\u00e9terminera le niveau de protection offert aux donn\u00e9es de vos clients et la garantie pour votre entreprise, non seulement de se pr\u00e9munir de toute sanction, mais \u00e9galement de d\u00e9velopper le suivi et l\u2019analyse de votre activit\u00e9.<\/p>\n<p>Bien avant que ce r\u00e8glement n\u2019ait \u00e9t\u00e9 adopt\u00e9 (en mai 2016), nous avions pris conscience de l\u2019importance de ce suivi, et avons d\u00e9velopp\u00e9 pour cela le\u00a0<a href=\"https:\/\/www.integral.be\/node\/128\/\" target=\"_blank\" rel=\"noopener noreferrer\" data-cke-saved-href=\"\/node\/128\/\">module Relations<\/a>. N\u2019h\u00e9sitez pas \u00e0 en faire l\u2019essai.<\/p>\n<p><u>R\u00e9f\u00e9rences<\/u>\u00a0:<\/p>\n<p><a href=\"https:\/\/secure.edps.europa.eu\/EDPSWEB\/webdav\/site\/mySite\/shared\/Documents\/EDPS\/PressNews\/Newsletters\/Newsletter_49_EN.pdf\" data-cke-saved-href=\"https:\/\/secure.edps.europa.eu\/EDPSWEB\/webdav\/site\/mySite\/shared\/Documents\/EDPS\/PressNews\/Newsletters\/Newsletter_49_EN.pdf\">https:\/\/secure.edps.europa.eu\/EDPSWEB\/webdav\/site\/mySite\/shared\/Documents\/EDPS\/PressNews\/Newsletters\/Newsletter_49_EN.pdf<\/a><\/p>\n<p><a href=\"https:\/\/www.cnil.fr\/fr\/consultation-reglement-europeen\" data-cke-saved-href=\"https:\/\/www.cnil.fr\/fr\/consultation-reglement-europeen\">https:\/\/www.cnil.fr\/fr\/consultation-reglement-europeen<\/a><\/p>\n<p><a href=\"https:\/\/www.cnil.fr\/fr\/reglement-europeen-sur-la-protection-des-donnees-ce-qui-change-pour-les-professionnels\" data-cke-saved-href=\"https:\/\/www.cnil.fr\/fr\/reglement-europeen-sur-la-protection-des-donnees-ce-qui-change-pour-les-professionnels\">https:\/\/www.cnil.fr\/fr\/reglement-europeen-sur-la-protection-des-donnees-ce-qui-change-pour-les-professionnels<\/a><\/p>\n<p><a href=\"http:\/\/eur-lex.europa.eu\/legal-content\/FR\/TXT\/HTML\/?uri=CELEX:32016R0679&amp;from=en\" data-cke-saved-href=\"http:\/\/eur-lex.europa.eu\/legal-content\/FR\/TXT\/HTML\/?uri=CELEX:32016R0679&amp;from=en\">http:\/\/eur-lex.europa.eu\/legal-content\/FR\/TXT\/HTML\/?uri=CELEX:32016R0679&amp;from=en<\/a><\/p>\n<p><a href=\"https:\/\/www.marketresearchfuture.com\/reports\/global-data-encryption-market-research-report-forecast-2022\" data-cke-saved-href=\"https:\/\/www.marketresearchfuture.com\/reports\/global-data-encryption-market-research-report-forecast-2022\">https:\/\/www.marketresearchfuture.com\/reports\/global-data-encryption-market-research-report-forecast-2022<\/a><\/p>\n","protected":false},"excerpt":{"rendered":"<p>L&rsquo;Europe impose des r\u00e8gles beaucoup plus strictes aux entreprises disposant de donn\u00e9es \u00e0 caract\u00e8re personnel. Le GDPR\u00a0? Qu\u2019est-ce que c\u2019est\u00a0? Ce r\u00e8glement, relatif \u00e0 la protection des personnes physiques, au traitement des donn\u00e9es \u00e0 caract\u00e8re personnel, et \u00e0 la libre ciculation de celles-ci, est une \u00e9volution de la directive de 1995 portant sur ces m\u00eames [&hellip;]<\/p>\n","protected":false},"author":4,"featured_media":284,"comment_status":"closed","ping_status":"closed","sticky":false,"template":"","format":"standard","meta":{"_monsterinsights_skip_tracking":false,"_monsterinsights_sitenote_active":false,"_monsterinsights_sitenote_note":"","_monsterinsights_sitenote_category":0,"footnotes":""},"categories":[4],"tags":[],"class_list":["post-283","post","type-post","status-publish","format-standard","has-post-thumbnail","hentry","category-erp"],"aioseo_notices":[],"_links":{"self":[{"href":"https:\/\/integral.software\/fr\/wp-json\/wp\/v2\/posts\/283","targetHints":{"allow":["GET"]}}],"collection":[{"href":"https:\/\/integral.software\/fr\/wp-json\/wp\/v2\/posts"}],"about":[{"href":"https:\/\/integral.software\/fr\/wp-json\/wp\/v2\/types\/post"}],"author":[{"embeddable":true,"href":"https:\/\/integral.software\/fr\/wp-json\/wp\/v2\/users\/4"}],"replies":[{"embeddable":true,"href":"https:\/\/integral.software\/fr\/wp-json\/wp\/v2\/comments?post=283"}],"version-history":[{"count":1,"href":"https:\/\/integral.software\/fr\/wp-json\/wp\/v2\/posts\/283\/revisions"}],"predecessor-version":[{"id":286,"href":"https:\/\/integral.software\/fr\/wp-json\/wp\/v2\/posts\/283\/revisions\/286"}],"wp:featuredmedia":[{"embeddable":true,"href":"https:\/\/integral.software\/fr\/wp-json\/wp\/v2\/media\/284"}],"wp:attachment":[{"href":"https:\/\/integral.software\/fr\/wp-json\/wp\/v2\/media?parent=283"}],"wp:term":[{"taxonomy":"category","embeddable":true,"href":"https:\/\/integral.software\/fr\/wp-json\/wp\/v2\/categories?post=283"},{"taxonomy":"post_tag","embeddable":true,"href":"https:\/\/integral.software\/fr\/wp-json\/wp\/v2\/tags?post=283"}],"curies":[{"name":"wp","href":"https:\/\/api.w.org\/{rel}","templated":true}]}}